{"id":2805,"date":"2013-09-24T15:31:12","date_gmt":"2013-09-24T18:31:12","guid":{"rendered":"http:\/\/www.editora.ufpr.br\/portal\/?p=2805"},"modified":"2015-05-18T15:48:22","modified_gmt":"2015-05-18T18:48:22","slug":"psiquismo-e-vida-e-finalista-do-55o-premio-jabuti-2013","status":"publish","type":"post","link":"https:\/\/www.editora.ufpr.br\/portal\/psiquismo-e-vida-e-finalista-do-55o-premio-jabuti-2013\/","title":{"rendered":"Psiquismo e Vida \u00e9 finalista do 55\u00ba Pr\u00eamio Jabuti 2013"},"content":{"rendered":"<p>O livro &#8220;Psiquismo e Vida&#8221;, do autor Eduardo Ribeiro da Fonseca, lan\u00e7ado em 2012 pela Editora UFPR, est\u00e1 entre os finalistas do 55\u00ba Pr\u00eamio Jabuti 2013, o mais tradicional pr\u00eamio liter\u00e1rio do pa\u00eds, na categoria Psicologia e Psican\u00e1lise.<\/p>\n<p>O vencedor de cada categoria ser\u00e1 divulgado dia 13 de novembro.\u00a0<a href=\"http:\/\/www.editora.ufpr.br\/portal\/livros\/psiquismo-e-vida\/\">Clique aqui<\/a> e conhe\u00e7a mais sobre a obra.<\/p>\n<p><em id=\"__mceDel\"> <a href=\"http:\/\/upload.facebook.com\/l.php?u=http%3A%2F%2Fwww.editora.ufpr.br%2Fportal%2Flivros%2Fpsiquismo-e-vida%2F&amp;h=eAQHB4TYQ&amp;enc=AZPJt9F3mSkjA5IMeCJm6Fr6gX-aJBnRTgIYXIn8UxX1X5dyAQXvmRU78_9KqfBt7LCn5rGL12Q2I2vbStNsRo98_S7piJdv4tmiVRAdaJ0viCexwEtSUg9wNKzW5lcVxVEt3o32yz5mLemgWhvE0hDW&amp;s=1\" target=\"_blank\" rel=\"nofollow nofollow\"><br \/>\n<\/a><\/em><\/p>\n<p><a href=\"http:\/\/www.editora.ufpr.br\/portal\/wp-content\/uploads\/2013\/09\/PR\u00caMIO-JABUTI.jpg\"><img fetchpriority=\"high\" decoding=\"async\" class=\"alignnone size-medium wp-image-2806\" alt=\"PR\u00caMIO JABUTI\" src=\"http:\/\/www.editora.ufpr.br\/portal\/wp-content\/uploads\/2013\/09\/PR\u00caMIO-JABUTI-262x300.jpg\" width=\"262\" height=\"300\" srcset=\"https:\/\/www.editora.ufpr.br\/portal\/wp-content\/uploads\/2013\/09\/PR\u00caMIO-JABUTI-262x300.jpg 262w, https:\/\/www.editora.ufpr.br\/portal\/wp-content\/uploads\/2013\/09\/PR\u00caMIO-JABUTI-250x285.jpg 250w, https:\/\/www.editora.ufpr.br\/portal\/wp-content\/uploads\/2013\/09\/PR\u00caMIO-JABUTI.jpg 660w\" sizes=\"(max-width: 262px) 100vw, 262px\" \/><\/a><\/p>\n","protected":false},"excerpt":{"rendered":"<p>O livro &#8220;Psiquismo e Vida&#8221;, do autor Eduardo Ribeiro da Fonseca, lan\u00e7ado em 2012 pela Editora UFPR, est\u00e1 entre os finalistas do 55\u00ba Pr\u00eamio Jabuti 2013, o mais tradicional pr\u00eamio liter\u00e1rio do pa\u00eds, na categoria Psicologia e Psican\u00e1lise. O vencedor<a class=\"leia-mais\" href=\"https:\/\/www.editora.ufpr.br\/portal\/psiquismo-e-vida-e-finalista-do-55o-premio-jabuti-2013\/\"> [Leia Mais]<\/a><\/p>\n","protected":false},"author":4,"featured_media":0,"comment_status":"closed","ping_status":"open","sticky":false,"template":"","format":"standard","meta":{"_acf_changed":false,"footnotes":""},"categories":[36],"tags":[],"post_folder":[],"acf":[],"class_list":["post-2805","post","type-post","status-publish","format-standard","hentry","category-noticias"],"_links":{"self":[{"href":"https:\/\/www.editora.ufpr.br\/portal\/wp-json\/wp\/v2\/posts\/2805","targetHints":{"allow":["GET"]}}],"collection":[{"href":"https:\/\/www.editora.ufpr.br\/portal\/wp-json\/wp\/v2\/posts"}],"about":[{"href":"https:\/\/www.editora.ufpr.br\/portal\/wp-json\/wp\/v2\/types\/post"}],"author":[{"embeddable":true,"href":"https:\/\/www.editora.ufpr.br\/portal\/wp-json\/wp\/v2\/users\/4"}],"replies":[{"embeddable":true,"href":"https:\/\/www.editora.ufpr.br\/portal\/wp-json\/wp\/v2\/comments?post=2805"}],"version-history":[{"count":1,"href":"https:\/\/www.editora.ufpr.br\/portal\/wp-json\/wp\/v2\/posts\/2805\/revisions"}],"predecessor-version":[{"id":4155,"href":"https:\/\/www.editora.ufpr.br\/portal\/wp-json\/wp\/v2\/posts\/2805\/revisions\/4155"}],"wp:attachment":[{"href":"https:\/\/www.editora.ufpr.br\/portal\/wp-json\/wp\/v2\/media?parent=2805"}],"wp:term":[{"taxonomy":"category","embeddable":true,"href":"https:\/\/www.editora.ufpr.br\/portal\/wp-json\/wp\/v2\/categories?post=2805"},{"taxonomy":"post_tag","embeddable":true,"href":"https:\/\/www.editora.ufpr.br\/portal\/wp-json\/wp\/v2\/tags?post=2805"},{"taxonomy":"post_folder","embeddable":true,"href":"https:\/\/www.editora.ufpr.br\/portal\/wp-json\/wp\/v2\/post_folder?post=2805"}],"curies":[{"name":"wp","href":"https:\/\/api.w.org\/{rel}","templated":true}]}}