{"id":6044,"date":"2017-03-22T18:18:44","date_gmt":"2017-03-22T21:18:44","guid":{"rendered":"http:\/\/www.editora.ufpr.br\/portal\/?p=6044"},"modified":"2017-03-28T17:31:34","modified_gmt":"2017-03-28T20:31:34","slug":"editora-lanca-novo-edital-para-submissao-de-originais-e-propostas-de-traducao","status":"publish","type":"post","link":"https:\/\/www.editora.ufpr.br\/portal\/editora-lanca-novo-edital-para-submissao-de-originais-e-propostas-de-traducao\/","title":{"rendered":"Editora lan\u00e7a novo edital para submiss\u00e3o de originais e propostas de tradu\u00e7\u00e3o"},"content":{"rendered":"<p>A Editora UFPR tornou p\u00fablico, nesta semana, o Edital que estabelece normas para submiss\u00e3o de originais e de propostas de tradu\u00e7\u00e3o para publica\u00e7\u00e3o durante o ano de 2017. \u00a0Este edital ficar\u00e1 aberto at\u00e9 o dia 31 de outubro de 2017.<\/p>\n<p>O Edital deste ano mant\u00e9m os crit\u00e9rios adotados pela Editora nos \u00faltimos anos e traz mais detalhes sobre os procedimentos de submiss\u00e3o e avalia\u00e7\u00e3o. No link &#8220;<a href=\"http:\/\/www.editora.ufpr.br\/portal\/?p=4577\" target=\"_blank\">Como publicar<\/a>&#8221; \u00e9 poss\u00edvel ler respostas atualizadas para as perguntas mais frequentes sobre o processo de publica\u00e7\u00e3o.<\/p>\n<p>Transpar\u00eancia: a partir deste m\u00eas a Editora disponibiliza seus modelos de contrato de edi\u00e7\u00e3o e as Atas do Conselho Editorial dos \u00faltimos tr\u00eas anos. <a href=\"http:\/\/www.editora.ufpr.br\/portal\/atas\/\" target=\"_blank\">(Clique aqui para visualizar as atas)<\/a><\/p>\n<p><strong>Vejas os editais e os anexos\u00a0<\/strong><\/p>\n<p><strong><a href=\"http:\/\/www.editora.ufpr.br\/portal\/wp-content\/uploads\/2015\/10\/Edital-de-submiss\u00e3o-Editora-UFPR-2017.pdf\" target=\"_blank\">Edital de submiss\u00e3o Editora UFPR 2017<\/a><\/strong><\/p>\n<p><strong><a href=\"http:\/\/www.editora.ufpr.br\/portal\/wp-content\/uploads\/2015\/10\/Anexo-I-2017-Proposta-de-publica%C3%A7%C3%A3o.docx\" target=\"_blank\">Anexo I 2017 \u2013 Proposta de publica\u00e7\u00e3o<\/a><\/strong><\/p>\n<p><strong><a href=\"http:\/\/www.editora.ufpr.br\/portal\/wp-content\/uploads\/2015\/10\/Anexo-II-2017-Proposta-de-publica%C3%A7%C3%A3o-de-tradu%C3%A7%C3%A3o.docx\" target=\"_blank\">Anexo II 2017 \u2013 Proposta de publica\u00e7\u00e3o de tradu\u00e7\u00e3o<\/a><\/strong><\/p>\n<p><strong><a href=\"http:\/\/www.editora.ufpr.br\/portal\/wp-content\/uploads\/2015\/10\/Anexo-III-2017-Termo-de-entrega-de-Arquivo-Final.docx\" target=\"_blank\">Anexo III 2017 \u2013 Termo de entrega de Arquivo Final<\/a><\/strong><\/p>\n<p><strong><a href=\"http:\/\/www.editora.ufpr.br\/portal\/wp-content\/uploads\/2015\/10\/ANEXO-IV-2017-Modelo-de-Contrato-de-Edi%C3%A7%C3%A3o-de-Livro-Impresso.pdf\" target=\"_blank\">ANEXO IV \u2013 2017 \u2013 Modelo de Contrato de Edi\u00e7\u00e3o de Livro Impresso<\/a><\/strong><\/p>\n<p><strong><a href=\"http:\/\/www.editora.ufpr.br\/portal\/wp-content\/uploads\/2015\/10\/ANEXO-V-2017-Modelo-de-Contrato-de-Edi%C3%A7%C3%A3o-de-Livro-Digital-Gratuito.pdf\" target=\"_blank\">ANEXO V \u2013 2017 \u2013 Modelo de Contrato de Edi\u00e7\u00e3o de Livro Digital Gratuito<\/a><\/strong><\/p>\n<p><strong><a href=\"http:\/\/www.editora.ufpr.br\/portal\/wp-content\/uploads\/2015\/10\/ANEXO-VI-2017-Modelo-de-Contrato-de-Cess%C3%A3o-de-Direitos-de-Tradu%C3%A7%C3%A3o.pdf\" target=\"_blank\">ANEXO VI \u2013 2017 \u2013 Modelo de Contrato de Cess\u00e3o de Direitos de Tradu\u00e7\u00e3o<\/a><\/strong><\/p>\n<p>&nbsp;<\/p>\n","protected":false},"excerpt":{"rendered":"<p>A Editora UFPR tornou p\u00fablico, nesta semana, o Edital que estabelece normas para submiss\u00e3o de originais e de propostas de tradu\u00e7\u00e3o para publica\u00e7\u00e3o durante o ano de 2017. \u00a0Este edital ficar\u00e1 aberto at\u00e9 o dia 31 de outubro de 2017.<a class=\"leia-mais\" href=\"https:\/\/www.editora.ufpr.br\/portal\/editora-lanca-novo-edital-para-submissao-de-originais-e-propostas-de-traducao\/\"> [Leia Mais]<\/a><\/p>\n","protected":false},"author":1003,"featured_media":0,"comment_status":"closed","ping_status":"closed","sticky":false,"template":"","format":"standard","meta":{"_acf_changed":false,"footnotes":""},"categories":[36],"tags":[],"post_folder":[],"acf":[],"class_list":["post-6044","post","type-post","status-publish","format-standard","hentry","category-noticias"],"_links":{"self":[{"href":"https:\/\/www.editora.ufpr.br\/portal\/wp-json\/wp\/v2\/posts\/6044","targetHints":{"allow":["GET"]}}],"collection":[{"href":"https:\/\/www.editora.ufpr.br\/portal\/wp-json\/wp\/v2\/posts"}],"about":[{"href":"https:\/\/www.editora.ufpr.br\/portal\/wp-json\/wp\/v2\/types\/post"}],"author":[{"embeddable":true,"href":"https:\/\/www.editora.ufpr.br\/portal\/wp-json\/wp\/v2\/users\/1003"}],"replies":[{"embeddable":true,"href":"https:\/\/www.editora.ufpr.br\/portal\/wp-json\/wp\/v2\/comments?post=6044"}],"version-history":[{"count":4,"href":"https:\/\/www.editora.ufpr.br\/portal\/wp-json\/wp\/v2\/posts\/6044\/revisions"}],"predecessor-version":[{"id":6065,"href":"https:\/\/www.editora.ufpr.br\/portal\/wp-json\/wp\/v2\/posts\/6044\/revisions\/6065"}],"wp:attachment":[{"href":"https:\/\/www.editora.ufpr.br\/portal\/wp-json\/wp\/v2\/media?parent=6044"}],"wp:term":[{"taxonomy":"category","embeddable":true,"href":"https:\/\/www.editora.ufpr.br\/portal\/wp-json\/wp\/v2\/categories?post=6044"},{"taxonomy":"post_tag","embeddable":true,"href":"https:\/\/www.editora.ufpr.br\/portal\/wp-json\/wp\/v2\/tags?post=6044"},{"taxonomy":"post_folder","embeddable":true,"href":"https:\/\/www.editora.ufpr.br\/portal\/wp-json\/wp\/v2\/post_folder?post=6044"}],"curies":[{"name":"wp","href":"https:\/\/api.w.org\/{rel}","templated":true}]}}