{"id":8002,"date":"2019-06-11T13:05:18","date_gmt":"2019-06-11T16:05:18","guid":{"rendered":"http:\/\/www.editora.ufpr.br\/portal\/?p=8002"},"modified":"2019-06-11T14:57:22","modified_gmt":"2019-06-11T17:57:22","slug":"homologacao-de-inscricoes-processo-para-selecao-de-bolsista","status":"publish","type":"post","link":"https:\/\/www.editora.ufpr.br\/portal\/homologacao-de-inscricoes-processo-para-selecao-de-bolsista\/","title":{"rendered":"Homologa\u00e7\u00e3o das inscri\u00e7\u00f5es do processo para a sele\u00e7\u00e3o de bolsista"},"content":{"rendered":"<p>A Editora UFPR divulga\u00a0lista de inscri\u00e7\u00f5es homologadas para a sele\u00e7\u00e3o de bolsista na \u00e1rea de comunica\u00e7\u00e3o estrat\u00e9gica e marketing digital conforme <a href=\"http:\/\/www.editora.ufpr.br\/portal\/wp-content\/uploads\/2019\/06\/20190607180301368.pdf\" target=\"_blank\" rel=\"noopener\">edital 04\/2019.<\/a><\/p>\n<p>A entrevistas ser\u00e3o realizadas no dia 12 de junho na sede da Editora, a partir das 13h.<\/p>\n<p><a href=\"http:\/\/www.editora.ufpr.br\/portal\/wp-content\/uploads\/2019\/06\/20190611135428409.pdf\" target=\"_blank\" rel=\"noopener\">EDITAL 05\/2019 HOMOLOGA\u00c7\u00c3O DAS INSCRI\u00c7\u00d5ES <\/a><\/p>\n<p>&nbsp;<\/p>\n<p>&nbsp;<\/p>\n<p>&nbsp;<\/p>\n","protected":false},"excerpt":{"rendered":"<p>A Editora UFPR divulga\u00a0lista de inscri\u00e7\u00f5es homologadas para a sele\u00e7\u00e3o de bolsista na \u00e1rea de comunica\u00e7\u00e3o estrat\u00e9gica e marketing digital conforme edital 04\/2019. A entrevistas ser\u00e3o realizadas no dia 12 de junho na sede da Editora, a partir das 13h.<a class=\"leia-mais\" href=\"https:\/\/www.editora.ufpr.br\/portal\/homologacao-de-inscricoes-processo-para-selecao-de-bolsista\/\"> [Leia Mais]<\/a><\/p>\n","protected":false},"author":1003,"featured_media":0,"comment_status":"closed","ping_status":"closed","sticky":false,"template":"","format":"standard","meta":{"_acf_changed":false,"footnotes":""},"categories":[36],"tags":[],"post_folder":[],"acf":[],"class_list":["post-8002","post","type-post","status-publish","format-standard","hentry","category-noticias"],"_links":{"self":[{"href":"https:\/\/www.editora.ufpr.br\/portal\/wp-json\/wp\/v2\/posts\/8002","targetHints":{"allow":["GET"]}}],"collection":[{"href":"https:\/\/www.editora.ufpr.br\/portal\/wp-json\/wp\/v2\/posts"}],"about":[{"href":"https:\/\/www.editora.ufpr.br\/portal\/wp-json\/wp\/v2\/types\/post"}],"author":[{"embeddable":true,"href":"https:\/\/www.editora.ufpr.br\/portal\/wp-json\/wp\/v2\/users\/1003"}],"replies":[{"embeddable":true,"href":"https:\/\/www.editora.ufpr.br\/portal\/wp-json\/wp\/v2\/comments?post=8002"}],"version-history":[{"count":5,"href":"https:\/\/www.editora.ufpr.br\/portal\/wp-json\/wp\/v2\/posts\/8002\/revisions"}],"predecessor-version":[{"id":8008,"href":"https:\/\/www.editora.ufpr.br\/portal\/wp-json\/wp\/v2\/posts\/8002\/revisions\/8008"}],"wp:attachment":[{"href":"https:\/\/www.editora.ufpr.br\/portal\/wp-json\/wp\/v2\/media?parent=8002"}],"wp:term":[{"taxonomy":"category","embeddable":true,"href":"https:\/\/www.editora.ufpr.br\/portal\/wp-json\/wp\/v2\/categories?post=8002"},{"taxonomy":"post_tag","embeddable":true,"href":"https:\/\/www.editora.ufpr.br\/portal\/wp-json\/wp\/v2\/tags?post=8002"},{"taxonomy":"post_folder","embeddable":true,"href":"https:\/\/www.editora.ufpr.br\/portal\/wp-json\/wp\/v2\/post_folder?post=8002"}],"curies":[{"name":"wp","href":"https:\/\/api.w.org\/{rel}","templated":true}]}}