{"id":8027,"date":"2019-07-22T18:31:27","date_gmt":"2019-07-22T21:31:27","guid":{"rendered":"http:\/\/www.editora.ufpr.br\/portal\/?p=8027"},"modified":"2019-07-22T18:31:27","modified_gmt":"2019-07-22T21:31:27","slug":"inscricoes-para-xvii-feira-do-livro-da-editora-ufpr-comeca-dia-29","status":"publish","type":"post","link":"https:\/\/www.editora.ufpr.br\/portal\/inscricoes-para-xvii-feira-do-livro-da-editora-ufpr-comeca-dia-29\/","title":{"rendered":"Inscri\u00e7\u00f5es para XVII Feira do Livro da Editora UFPR come\u00e7a dia (29)"},"content":{"rendered":"<p>A Editora UFPR deve divulgar na pr\u00f3xima segunda-feira (29 de julho) o Edital com o regulamento da XVII Feira do Livro. \u00a0A partir deste dia, os expositores interessados em participar j\u00e1 poder\u00e3o fazer suas inscri\u00e7\u00f5es.<\/p>\n<p>A Feira ser\u00e1 realizada de 23 a 28 de setembro, na Pra\u00e7a Santos Andrade, em frente ao Pr\u00e9dio Hist\u00f3rico da UFPR.<\/p>\n","protected":false},"excerpt":{"rendered":"<p>A Editora UFPR deve divulgar na pr\u00f3xima segunda-feira (29 de julho) o Edital com o regulamento da XVII Feira do Livro. \u00a0A partir deste dia, os expositores interessados em participar j\u00e1 poder\u00e3o fazer suas inscri\u00e7\u00f5es. A Feira ser\u00e1 realizada de<a class=\"leia-mais\" href=\"https:\/\/www.editora.ufpr.br\/portal\/inscricoes-para-xvii-feira-do-livro-da-editora-ufpr-comeca-dia-29\/\"> [Leia Mais]<\/a><\/p>\n","protected":false},"author":1003,"featured_media":0,"comment_status":"closed","ping_status":"closed","sticky":false,"template":"","format":"standard","meta":{"_acf_changed":false,"footnotes":""},"categories":[36],"tags":[],"post_folder":[],"acf":[],"class_list":["post-8027","post","type-post","status-publish","format-standard","hentry","category-noticias"],"_links":{"self":[{"href":"https:\/\/www.editora.ufpr.br\/portal\/wp-json\/wp\/v2\/posts\/8027","targetHints":{"allow":["GET"]}}],"collection":[{"href":"https:\/\/www.editora.ufpr.br\/portal\/wp-json\/wp\/v2\/posts"}],"about":[{"href":"https:\/\/www.editora.ufpr.br\/portal\/wp-json\/wp\/v2\/types\/post"}],"author":[{"embeddable":true,"href":"https:\/\/www.editora.ufpr.br\/portal\/wp-json\/wp\/v2\/users\/1003"}],"replies":[{"embeddable":true,"href":"https:\/\/www.editora.ufpr.br\/portal\/wp-json\/wp\/v2\/comments?post=8027"}],"version-history":[{"count":2,"href":"https:\/\/www.editora.ufpr.br\/portal\/wp-json\/wp\/v2\/posts\/8027\/revisions"}],"predecessor-version":[{"id":8029,"href":"https:\/\/www.editora.ufpr.br\/portal\/wp-json\/wp\/v2\/posts\/8027\/revisions\/8029"}],"wp:attachment":[{"href":"https:\/\/www.editora.ufpr.br\/portal\/wp-json\/wp\/v2\/media?parent=8027"}],"wp:term":[{"taxonomy":"category","embeddable":true,"href":"https:\/\/www.editora.ufpr.br\/portal\/wp-json\/wp\/v2\/categories?post=8027"},{"taxonomy":"post_tag","embeddable":true,"href":"https:\/\/www.editora.ufpr.br\/portal\/wp-json\/wp\/v2\/tags?post=8027"},{"taxonomy":"post_folder","embeddable":true,"href":"https:\/\/www.editora.ufpr.br\/portal\/wp-json\/wp\/v2\/post_folder?post=8027"}],"curies":[{"name":"wp","href":"https:\/\/api.w.org\/{rel}","templated":true}]}}