{"id":8144,"date":"2020-09-11T22:17:18","date_gmt":"2020-09-12T01:17:18","guid":{"rendered":"http:\/\/www.editora.ufpr.br\/portal\/?p=8144"},"modified":"2020-09-11T22:17:18","modified_gmt":"2020-09-12T01:17:18","slug":"resultado-do-processo-seletivo-de-bolsista","status":"publish","type":"post","link":"https:\/\/www.editora.ufpr.br\/portal\/resultado-do-processo-seletivo-de-bolsista\/","title":{"rendered":"RESULTADO DO PROCESSO SELETIVO DE BOLSISTA"},"content":{"rendered":"<p>A UNIVERSIDADE FEDERAL DO PARAN\u00c1, por interm\u00e9dio da EDITORA UFPR, torna p\u00fablica a lista de candidatos habilitados ap\u00f3s entrevistas ocorridas no dia 03 de setembro de 2020.<\/p>\n<p>Ser\u00e3o chamados a participar do projeto apenas os primeiros lugares de cada categoria. Havendo algum impedimento ou desist\u00eancia, os candidatos seguintes poder\u00e3o ser chamados.<\/p>\n<p><a href=\"http:\/\/www.editora.ufpr.br\/portal\/wp-content\/uploads\/2020\/09\/EDITAL-BOLSA-100-ANOS-2020-resultados.pdf\" target=\"_blank\" rel=\"noopener\">RESULTADO DO PROCESSO SELETIVO DE BOLSISTA DA EDITORA UFPR<\/a><\/p>\n","protected":false},"excerpt":{"rendered":"<p>A UNIVERSIDADE FEDERAL DO PARAN\u00c1, por interm\u00e9dio da EDITORA UFPR, torna p\u00fablica a lista de candidatos habilitados ap\u00f3s entrevistas ocorridas no dia 03 de setembro de 2020. Ser\u00e3o chamados a participar do projeto apenas os primeiros lugares de cada categoria.<a class=\"leia-mais\" href=\"https:\/\/www.editora.ufpr.br\/portal\/resultado-do-processo-seletivo-de-bolsista\/\"> [Leia Mais]<\/a><\/p>\n","protected":false},"author":1003,"featured_media":0,"comment_status":"closed","ping_status":"closed","sticky":false,"template":"","format":"standard","meta":{"_acf_changed":false,"footnotes":""},"categories":[36],"tags":[],"post_folder":[],"acf":[],"class_list":["post-8144","post","type-post","status-publish","format-standard","hentry","category-noticias"],"_links":{"self":[{"href":"https:\/\/www.editora.ufpr.br\/portal\/wp-json\/wp\/v2\/posts\/8144","targetHints":{"allow":["GET"]}}],"collection":[{"href":"https:\/\/www.editora.ufpr.br\/portal\/wp-json\/wp\/v2\/posts"}],"about":[{"href":"https:\/\/www.editora.ufpr.br\/portal\/wp-json\/wp\/v2\/types\/post"}],"author":[{"embeddable":true,"href":"https:\/\/www.editora.ufpr.br\/portal\/wp-json\/wp\/v2\/users\/1003"}],"replies":[{"embeddable":true,"href":"https:\/\/www.editora.ufpr.br\/portal\/wp-json\/wp\/v2\/comments?post=8144"}],"version-history":[{"count":2,"href":"https:\/\/www.editora.ufpr.br\/portal\/wp-json\/wp\/v2\/posts\/8144\/revisions"}],"predecessor-version":[{"id":8147,"href":"https:\/\/www.editora.ufpr.br\/portal\/wp-json\/wp\/v2\/posts\/8144\/revisions\/8147"}],"wp:attachment":[{"href":"https:\/\/www.editora.ufpr.br\/portal\/wp-json\/wp\/v2\/media?parent=8144"}],"wp:term":[{"taxonomy":"category","embeddable":true,"href":"https:\/\/www.editora.ufpr.br\/portal\/wp-json\/wp\/v2\/categories?post=8144"},{"taxonomy":"post_tag","embeddable":true,"href":"https:\/\/www.editora.ufpr.br\/portal\/wp-json\/wp\/v2\/tags?post=8144"},{"taxonomy":"post_folder","embeddable":true,"href":"https:\/\/www.editora.ufpr.br\/portal\/wp-json\/wp\/v2\/post_folder?post=8144"}],"curies":[{"name":"wp","href":"https:\/\/api.w.org\/{rel}","templated":true}]}}