{"id":8346,"date":"2021-02-11T15:42:29","date_gmt":"2021-02-11T18:42:29","guid":{"rendered":"http:\/\/www.editora.ufpr.br\/portal\/?p=8346"},"modified":"2021-02-24T11:43:32","modified_gmt":"2021-02-24T14:43:32","slug":"editora-ufpr-publica-edital-para-submissao-de-originais-e-propostas-de-traducao-para-2021","status":"publish","type":"post","link":"https:\/\/www.editora.ufpr.br\/portal\/editora-ufpr-publica-edital-para-submissao-de-originais-e-propostas-de-traducao-para-2021\/","title":{"rendered":"Editora UFPR publica\u00a0Edital para submiss\u00e3o de originais e propostas de tradu\u00e7\u00e3o\u00a0para 2021\u00a0"},"content":{"rendered":"<p><span data-contrast=\"auto\">Os interessados<\/span><span data-contrast=\"auto\">\u00a0em publicar um livro com a Editora UFPR j\u00e1 pode<\/span><span data-contrast=\"auto\">m<\/span><span data-contrast=\"auto\">\u00a0ter acesso ao\u00a0<\/span><span data-contrast=\"auto\">novo Edital<\/span><span data-contrast=\"auto\">, que<\/span><span data-contrast=\"auto\">\u00a0<\/span><span data-contrast=\"none\">estabelece normas para submiss\u00e3o de originais e de propostas de tradu\u00e7\u00e3o para o ano de 2021. Ele foi publicado\u00a0<\/span><span data-contrast=\"auto\">nesta quinta-feira (11)<\/span><span data-contrast=\"auto\">,<\/span><span data-contrast=\"auto\">\u00a0e\u00a0<\/span><span data-contrast=\"none\">ficar\u00e1 aberto at\u00e9 que 50 (cinquenta) propostas sejam recebidas ou at\u00e9 o dia 30 de agosto de 2021.<\/span><span data-contrast=\"none\">\u00a0Para acessar o edital\u00a0e todos os formul\u00e1rios e anexos relacionados<\/span><span data-contrast=\"none\">&#8211;<\/span><b><span data-contrast=\"none\">\u00a0<a href=\"https:\/\/www.editora.ufpr.br\/publiqueconosco\" target=\"_blank\" rel=\"noopener\">clique<\/a><\/span><\/b><a href=\"https:\/\/www.editora.ufpr.br\/publiqueconosco\" target=\"_blank\" rel=\"noopener\"><b><span data-contrast=\"none\">\u00a0aqui<\/span><\/b><\/a><span data-ccp-props=\"{&quot;201341983&quot;:0,&quot;335551550&quot;:6,&quot;335551620&quot;:6,&quot;335559739&quot;:160,&quot;335559740&quot;:259}\">\u00a0<\/span><\/p>\n<p><span data-contrast=\"none\">O Edital apresenta os crit\u00e9rios adotados pela Editora para suas publica\u00e7\u00f5es e traz mais detalhes sobre os procedimentos de submiss\u00e3o e avalia\u00e7\u00e3o para este ano de 2021.<\/span><span data-ccp-props=\"{&quot;201341983&quot;:0,&quot;335551550&quot;:6,&quot;335551620&quot;:6,&quot;335559739&quot;:160,&quot;335559740&quot;:259}\">\u00a0<\/span><\/p>\n<p><span data-contrast=\"none\">No link \u201c<a href=\"https:\/\/www.editora.ufpr.br\/publiqueconosco\" target=\"_blank\" rel=\"noopener\">Publique conosco<\/a>\u201d \u00e9 poss\u00edvel ler as respostas\u00a0<\/span><span data-contrast=\"none\">atualizadas\u00a0<\/span><span data-contrast=\"none\">para as perguntas mais frequentes sobre o processo de publica\u00e7\u00e3o da Editora UFPR, bem como acessar o edital e todos os formul\u00e1rios e anexos relacionados.<\/span><span data-ccp-props=\"{&quot;201341983&quot;:0,&quot;335551550&quot;:6,&quot;335551620&quot;:6,&quot;335559739&quot;:160,&quot;335559740&quot;:259}\">\u00a0<\/span><\/p>\n<p><a href=\"http:\/\/www.editora.ufpr.br\/portal\/wp-content\/uploads\/2021\/02\/Publique-Conosco.png\"><img fetchpriority=\"high\" decoding=\"async\" class=\"alignleft wp-image-8347\" src=\"http:\/\/www.editora.ufpr.br\/portal\/wp-content\/uploads\/2021\/02\/Publique-Conosco-1024x1024.png\" alt=\"\" width=\"515\" height=\"515\" srcset=\"https:\/\/www.editora.ufpr.br\/portal\/wp-content\/uploads\/2021\/02\/Publique-Conosco-1024x1024.png 1024w, https:\/\/www.editora.ufpr.br\/portal\/wp-content\/uploads\/2021\/02\/Publique-Conosco-150x150.png 150w, https:\/\/www.editora.ufpr.br\/portal\/wp-content\/uploads\/2021\/02\/Publique-Conosco-300x300.png 300w, https:\/\/www.editora.ufpr.br\/portal\/wp-content\/uploads\/2021\/02\/Publique-Conosco-768x768.png 768w, https:\/\/www.editora.ufpr.br\/portal\/wp-content\/uploads\/2021\/02\/Publique-Conosco-250x250.png 250w, https:\/\/www.editora.ufpr.br\/portal\/wp-content\/uploads\/2021\/02\/Publique-Conosco.png 1080w\" sizes=\"(max-width: 515px) 100vw, 515px\" \/><\/a><\/p>\n","protected":false},"excerpt":{"rendered":"<p>Os interessados\u00a0em publicar um livro com a Editora UFPR j\u00e1 podem\u00a0ter acesso ao\u00a0novo Edital, que\u00a0estabelece normas para submiss\u00e3o de originais e de propostas de tradu\u00e7\u00e3o para o ano de 2021. Ele foi publicado\u00a0nesta quinta-feira (11),\u00a0e\u00a0ficar\u00e1 aberto at\u00e9 que 50 (cinquenta)<a class=\"leia-mais\" href=\"https:\/\/www.editora.ufpr.br\/portal\/editora-ufpr-publica-edital-para-submissao-de-originais-e-propostas-de-traducao-para-2021\/\"> [Leia Mais]<\/a><\/p>\n","protected":false},"author":1003,"featured_media":0,"comment_status":"closed","ping_status":"closed","sticky":false,"template":"","format":"standard","meta":{"_acf_changed":false,"footnotes":""},"categories":[36],"tags":[],"post_folder":[],"acf":[],"class_list":["post-8346","post","type-post","status-publish","format-standard","hentry","category-noticias"],"_links":{"self":[{"href":"https:\/\/www.editora.ufpr.br\/portal\/wp-json\/wp\/v2\/posts\/8346","targetHints":{"allow":["GET"]}}],"collection":[{"href":"https:\/\/www.editora.ufpr.br\/portal\/wp-json\/wp\/v2\/posts"}],"about":[{"href":"https:\/\/www.editora.ufpr.br\/portal\/wp-json\/wp\/v2\/types\/post"}],"author":[{"embeddable":true,"href":"https:\/\/www.editora.ufpr.br\/portal\/wp-json\/wp\/v2\/users\/1003"}],"replies":[{"embeddable":true,"href":"https:\/\/www.editora.ufpr.br\/portal\/wp-json\/wp\/v2\/comments?post=8346"}],"version-history":[{"count":3,"href":"https:\/\/www.editora.ufpr.br\/portal\/wp-json\/wp\/v2\/posts\/8346\/revisions"}],"predecessor-version":[{"id":8364,"href":"https:\/\/www.editora.ufpr.br\/portal\/wp-json\/wp\/v2\/posts\/8346\/revisions\/8364"}],"wp:attachment":[{"href":"https:\/\/www.editora.ufpr.br\/portal\/wp-json\/wp\/v2\/media?parent=8346"}],"wp:term":[{"taxonomy":"category","embeddable":true,"href":"https:\/\/www.editora.ufpr.br\/portal\/wp-json\/wp\/v2\/categories?post=8346"},{"taxonomy":"post_tag","embeddable":true,"href":"https:\/\/www.editora.ufpr.br\/portal\/wp-json\/wp\/v2\/tags?post=8346"},{"taxonomy":"post_folder","embeddable":true,"href":"https:\/\/www.editora.ufpr.br\/portal\/wp-json\/wp\/v2\/post_folder?post=8346"}],"curies":[{"name":"wp","href":"https:\/\/api.w.org\/{rel}","templated":true}]}}