{"id":8395,"date":"2021-03-31T20:04:25","date_gmt":"2021-03-31T23:04:25","guid":{"rendered":"http:\/\/www.editora.ufpr.br\/portal\/?p=8395"},"modified":"2021-04-05T18:15:20","modified_gmt":"2021-04-05T21:15:20","slug":"edital-de-homologacao-dos-expositores","status":"publish","type":"post","link":"https:\/\/www.editora.ufpr.br\/portal\/edital-de-homologacao-dos-expositores\/","title":{"rendered":"EDITAL DE HOMOLOGA\u00c7\u00c3O DOS EXPOSITORES"},"content":{"rendered":"<p>A Editora UFPR divulga o edital de homologa\u00e7\u00e3o das inscri\u00e7\u00f5es dos expositores que devem participar<span class=\"TextRun SCXW19383118 BCX0\" lang=\"PT-BR\" xml:lang=\"PT-BR\" data-contrast=\"none\">\u00a0do 11\u00ba\u00a0<\/span><span class=\"TextRun SCXW19383118 BCX0\" lang=\"PT-BR\" xml:lang=\"PT-BR\" data-contrast=\"auto\">feir\u00e3o de livros.\u00a0 \u00a0<\/span><span data-contrast=\"auto\">Este ano, por conta<\/span><span data-contrast=\"auto\">\u00a0<\/span><span data-contrast=\"auto\">da<\/span><span data-contrast=\"none\">\u00a0pandemia da Covid-19 e restri\u00e7\u00f5es quanto \u00e0 realiza\u00e7\u00e3o de eventos presenciais, o Feir\u00e3o ser\u00e1<\/span><span data-contrast=\"none\">\u00a0promovido de maneira<\/span><span data-contrast=\"none\">\u00a0virtual.\u00a0<\/span><span data-ccp-props=\"{&quot;201341983&quot;:0,&quot;335551550&quot;:6,&quot;335551620&quot;:6,&quot;335559739&quot;:160,&quot;335559740&quot;:259}\">\u00a0<\/span><\/p>\n<p><span data-contrast=\"none\">O 11\u00ba FEIR\u00c3O DE LIVROS EDITORA UFPR ser\u00e1 realizado pela Editora da Universidade Federal do Paran\u00e1, no per\u00edodo de 13 a 15 de abril de 2021, no site do evento\u00a0<\/span><span data-contrast=\"none\">http:\/\/www.eventos-editora.ufpr.br<\/span><span data-contrast=\"none\">\u00a0e\u00a0<\/span><span data-contrast=\"none\">no\u00a0<a href=\"https:\/\/www.youtube.com\/channel\/UCE6_8mBRykahbf7ltpviSxA\">canal<\/a><a href=\"https:\/\/www.youtube.com\/channel\/UCE6_8mBRykahbf7ltpviSxA\">\u00a0do\u00a0<\/a><\/span><a href=\"https:\/\/www.youtube.com\/channel\/UCE6_8mBRykahbf7ltpviSxA\"><span data-contrast=\"none\">Youtube da Editora UFPR.<\/span><span data-ccp-props=\"{&quot;201341983&quot;:0,&quot;335551550&quot;:6,&quot;335551620&quot;:6,&quot;335559739&quot;:160,&quot;335559740&quot;:259}\">\u00a0<\/span><\/a><\/p>\n<p>&nbsp;<\/p>\n<p><a href=\"http:\/\/www.editora.ufpr.br\/portal\/wp-content\/uploads\/2021\/03\/Retifica\u00e7\u00e3o.pdf\" target=\"_blank\" rel=\"noopener\">EDITAL DE HOMOLOGA\u00c7\u00c3O DOS EXPOSITORES-RETIFICA\u00c7\u00c3O<\/a><\/p>\n<p><a href=\"http:\/\/www.editora.ufpr.br\/portal\/wp-content\/uploads\/2021\/03\/EDITAL-HOMOLOGA\u00c7\u00c3O-FEIR\u00c3O-2021.pdf\">EDITAL HOMOLOGA\u00c7\u00c3O FEIR\u00c3O 2021<\/a><\/p>\n<p>&nbsp;<\/p>\n<p>&nbsp;<\/p>\n","protected":false},"excerpt":{"rendered":"<p>A Editora UFPR divulga o edital de homologa\u00e7\u00e3o das inscri\u00e7\u00f5es dos expositores que devem participar\u00a0do 11\u00ba\u00a0feir\u00e3o de livros.\u00a0 \u00a0Este ano, por conta\u00a0da\u00a0pandemia da Covid-19 e restri\u00e7\u00f5es quanto \u00e0 realiza\u00e7\u00e3o de eventos presenciais, o Feir\u00e3o ser\u00e1\u00a0promovido de maneira\u00a0virtual.\u00a0\u00a0 O 11\u00ba FEIR\u00c3O<a class=\"leia-mais\" href=\"https:\/\/www.editora.ufpr.br\/portal\/edital-de-homologacao-dos-expositores\/\"> [Leia Mais]<\/a><\/p>\n","protected":false},"author":1003,"featured_media":0,"comment_status":"closed","ping_status":"closed","sticky":false,"template":"","format":"standard","meta":{"_acf_changed":false,"footnotes":""},"categories":[36],"tags":[],"post_folder":[],"acf":[],"class_list":["post-8395","post","type-post","status-publish","format-standard","hentry","category-noticias"],"_links":{"self":[{"href":"https:\/\/www.editora.ufpr.br\/portal\/wp-json\/wp\/v2\/posts\/8395","targetHints":{"allow":["GET"]}}],"collection":[{"href":"https:\/\/www.editora.ufpr.br\/portal\/wp-json\/wp\/v2\/posts"}],"about":[{"href":"https:\/\/www.editora.ufpr.br\/portal\/wp-json\/wp\/v2\/types\/post"}],"author":[{"embeddable":true,"href":"https:\/\/www.editora.ufpr.br\/portal\/wp-json\/wp\/v2\/users\/1003"}],"replies":[{"embeddable":true,"href":"https:\/\/www.editora.ufpr.br\/portal\/wp-json\/wp\/v2\/comments?post=8395"}],"version-history":[{"count":3,"href":"https:\/\/www.editora.ufpr.br\/portal\/wp-json\/wp\/v2\/posts\/8395\/revisions"}],"predecessor-version":[{"id":8407,"href":"https:\/\/www.editora.ufpr.br\/portal\/wp-json\/wp\/v2\/posts\/8395\/revisions\/8407"}],"wp:attachment":[{"href":"https:\/\/www.editora.ufpr.br\/portal\/wp-json\/wp\/v2\/media?parent=8395"}],"wp:term":[{"taxonomy":"category","embeddable":true,"href":"https:\/\/www.editora.ufpr.br\/portal\/wp-json\/wp\/v2\/categories?post=8395"},{"taxonomy":"post_tag","embeddable":true,"href":"https:\/\/www.editora.ufpr.br\/portal\/wp-json\/wp\/v2\/tags?post=8395"},{"taxonomy":"post_folder","embeddable":true,"href":"https:\/\/www.editora.ufpr.br\/portal\/wp-json\/wp\/v2\/post_folder?post=8395"}],"curies":[{"name":"wp","href":"https:\/\/api.w.org\/{rel}","templated":true}]}}